{"id":669,"date":"2010-12-01T18:37:34","date_gmt":"2010-12-01T18:37:34","guid":{"rendered":"http:\/\/viscontitoscoalda.com\/?p=669"},"modified":"2010-12-01T18:37:34","modified_gmt":"2010-12-01T18:37:34","slug":"donna-semplicemente-donna-e-xxv-giornata-mondiale-contro-la-violenza-alle-donne","status":"publish","type":"post","link":"https:\/\/viscontitoscoalda.com\/index.php\/2010\/12\/01\/donna-semplicemente-donna-e-xxv-giornata-mondiale-contro-la-violenza-alle-donne\/","title":{"rendered":"&quot;Donna semplicemente donna&quot; e XXV Giornata Mondiale contro la violenza alle donne"},"content":{"rendered":"<p><a href=\"http:\/\/www.venticinquenovembre.it\/index.htm\"><span style=\"font-family: Arial,sans-serif;\"><span style=\"font-size: x-small;\">http:\/\/www.venticinquenovembre.it\/index.htm<\/span><\/span><\/a><\/p>\n<p><span style=\"color: #0000ff;\"><span style=\"font-size: x-small;\">&#8220;Per guardare avanti&#8221;<\/span><\/span><\/p>\n<p><span style=\"color: #0000ff;\"><span style=\"font-size: x-small;\">L&#8217;attesissimo appuntamento, che fin dai mesi scorsi ha visto una pletora di associazioni, artisti e letterati mettersi in prima linea per testimoniare la propria disponibilit\u00e0 a promuovere e partecipare ad un evento di portata planetari e a sostenere e testimoniare il percorso e le problematiche che le donne vittime di violenza si trovano ad affrontare da sole. <\/span><\/span><\/p>\n<p><span style=\"color: #0000ff;\"><span style=\"font-size: x-small;\"><span style=\"color: #000080;\">Nel 1999 le Nazioni Unite hanno dichiarato il 25 novembre \u201cGiornata internazionale contro la violenza sulle donne\u201d. \u00c8 stata scelta questa data per ricordare l&#8217;assassinio delle sorelle Mirabal. <\/span><\/span><\/span><\/p>\n<p><span style=\"color: #0000ff;\"><span style=\"font-size: x-small;\">Era il 25 Novembre del 1960 quando le sorelle Mirabal, mentre si recavano a far visita ai loro mariti in prigione, furono bloccate sulla strada da agenti del Servizio Militare di Intelligenza. Condotte in un luogo nascosto nelle vicinanze furono torturate, massacrate a colpi e strangolate, per poi essere gettate in un precipizio, a bordo della loro auto, per simulare un incidente. L&#8217;assassinio delle sorelle Mirabal \u00e8 ricordato come uno dei pi\u00f9 truci della storia dominicana.<\/span><\/span><\/p>\n<p><span style=\"color: #0000ff;\"><span style=\"font-size: x-small;\">Questa piaga, cos\u00ec difficile da estirpare, \u00e8\u00a0possibile\u00a0contrastarla mettendo in pratica per prima cosa quella che \u00e8 &#8220;<em><strong>la cultura del rispetto<\/strong><\/em>&#8220;. <\/span><\/span><\/p>\n<p><span style=\"color: #0000ff;\"><span style=\"font-size: x-small;\"><span style=\"color: #000080;\">&#8220;<\/span><span style=\"color: #000080;\"><em><strong>Per guardare avanti<\/strong><\/em><\/span><span style=\"color: #000080;\">&#8221; \u00e8 un&#8217;iniziativa\u00a0a sostegno del 25 Novembre: Giornata Mondiale contro la violenza alle donne. proposta dal <\/span><span style=\"color: #000080;\"><strong>Comitato Regionale dell&#8217;AICS<\/strong><\/span><span style=\"color: #000080;\">, Associazione Italiana Cultura e Sport, Ente di Promozione Sociale\u00a0riconosciuto dal CONI e dal Ministero dell&#8217;Interno, ed \u00e8 <\/span>patrocinata della Regione Siciliana, Assessorato Regionale dei Beni Culturali e dell&#8217;Identit\u00e0 Siciliana, il Comune di Riposto, Assessorato alla Cultura, il Comune di Viagrande e l&#8217;Azienda Ospedaliera ARNAS Garibaldi<\/span><\/span><\/p>\n<p><span style=\"color: #0000ff;\"><span style=\"font-size: x-small;\">La violenza contro le donne \u00e8 un problema che ormai ha assunto i contorni di una emergenza che non fa distinzioni di nazionalit\u00e0, et\u00e0, cultura o ceto. Da ogni parte del mondo vengono denunciate storie di violenza e sopraffazione verso donne oltraggiate nella loro persona, donne prigioniere di matrimoni non voluti, di famiglie violente, di sfruttatori. Donne che hanno perso il diritto alla vita e spesso la vita stessa.<\/span><\/span><\/p>\n<p><span style=\"color: #0000ff;\"><span style=\"font-size: x-small;\">Il programma\u00a0della manifestazione, patrocinata dalla Regione Siciliana Assessorato Regionale Beni Culturali e Identit\u00e0 Siciliana, Assessorato alla Cultura del Comune di Riposto, \u00e8 stato curato dall&#8217;AICS Comitato Provinciale di Catania Settore Cultura, dalla Direzione dell&#8217;Azienda Ospedaliera Garibaldi di Catania, dalle Associazioni Culturali\u00a0 Akkuaria,\u00a0Associazione Italiana\u00a0Artists &amp; Creatives, Associazione Culturale Scalatelli\u00a0e Cral Garibaldi Catania. <\/span><\/span><span style=\"color: #0000ff;\"><a href=\"http:\/\/www.venticinquenovembre.it\/25_novembre_Garibaldi.htm\"><span style=\"color: #000080;\"><span style=\"font-size: x-small;\"><strong>Leggi tutto<\/strong><\/span><\/span><\/a><\/span><\/p>\n<p><span style=\"color: #0000ff;\"><span style=\"font-size: x-small;\">i vincitori del concorso<\/span><\/span><\/p>\n<p><span style=\"color: #0000ff;\"><span style=\"font-size: x-small;\"><strong>Sezione Inedito<\/strong> <\/span><\/span><\/p>\n<p><span style=\"color: #0000ff;\"><span style=\"font-size: x-small;\"><strong>1a classificata<\/strong> Gabriella Rossitto &#8220;<em>Quale verit\u00e0<\/em>&#8221;<br \/>\n<strong>2a classificata <\/strong>Nicoletta Calvello &#8220;<em>Annientarsi<\/em>&#8220;<\/span><\/span><\/p>\n<p><span style=\"color: #0000ff;\"><span style=\"font-size: x-small;\"><strong>3a classificata <\/strong>Rosalia Lo Cascio &#8220;<em>Bambole<\/em>&#8221; <\/span><\/span><\/p>\n<p><span style=\"color: #0000ff;\"><span style=\"font-size: x-small;\">PREMIO DELLA GIURIA<\/span><\/span><\/p>\n<p><span style=\"color: #0000ff;\"><span style=\"font-size: x-small;\">Angelica Dell\u2019Omo &#8220;<em>La storia pi\u00f9 bella<\/em>&#8221;<br \/>\nAnna Lisa Maugeri &#8220;<em>Iris in bianco e nero<\/em>&#8221;<br \/>\nAntonella Scaramuzza &#8220;<em>Magico specchio<\/em>&#8221;<br \/>\nCassandra Venturini &#8220;<em>Vent\u2019anni dopo<\/em>&#8221;<br \/>\nCristina Lanaro &#8220;<em>In attesa di giudizio<\/em>&#8221;<br \/>\nDora Millaci &#8220;<em>Il dolore nascosto<\/em>&#8221;<br \/>\nFrancesca Levo Calvi &#8220;<em>Una ragazza allegra<\/em>&#8220;<\/span><\/span><\/p>\n<p><span style=\"color: #0000ff;\"><span style=\"font-size: x-small;\">Gerolama Maesano&#8221;<em>Ritratto di donna<\/em>&#8221;<br \/>\nGiovanna Li Volti Guzzardi &#8220;<em>Il giorno della donna<\/em>&#8221;<br \/>\nGrazia C. Schillir\u00f2 &#8220;<em>Cortese Signore&#8221;<\/em><\/span><\/span><\/p>\n<p><span style=\"color: #0000ff;\"><span style=\"font-size: x-small;\">Giusi Cattafi &#8220;<em>Vita<\/em>&#8221;<br \/>\nMaria Falchi &#8220;<em>Indifesa<\/em>&#8221;<br \/>\nMarta Limoli &#8220;<em>A volte \u00e8 per sempre<\/em>&#8221;<br \/>\nMicaela Balice &#8220;<em>Giace nella Terra \u2013 nuda \u2013<\/em>&#8221;<br \/>\nNiva Ragazzi &#8220;<em>Cosa posso fare<\/em>?&#8221;<br \/>\nRenata Di Sano &#8220;<em>Sete<\/em>&#8221;<br \/>\nRenata Rusca Zargar &#8220;<em>Non sar\u00e0 un vero ritorno a Muqdisho<\/em>&#8221;<br \/>\nMilly Nale &#8220;<em>La rosa sfiorita<\/em>&#8221;<br \/>\nNadia Galli &#8220;<em>Lei<\/em>&#8221;<br \/>\nNadia Marra &#8220;<em>Bianco Natale<\/em>&#8221;<br \/>\nRossana Sciascia &#8220;<em>Ottobre<\/em>&#8221;<br \/>\nSabrina Balbinetti &#8220;<em>Er branco<\/em>&#8221;<br \/>\nSara Aguiari &#8220;<em>L\u2019Angelo nero<\/em>&#8221;<br \/>\nSara Bassi &#8220;<em>Fior di donna<\/em>&#8221;<br \/>\nSilvana Calanna &#8220;<em>Donne d\u2019Afghanistan<\/em>&#8221;<br \/>\nSimona Corbo &#8220;<em>Le terre popolate dai gridi di nidi e sussurri di venti<\/em>&#8221;<br \/>\nVioleta &#8220;<em>Silenzio<\/em>&#8221; <\/span><\/span><\/p>\n<p><span style=\"color: #0000ff;\"><span style=\"font-size: x-small;\"><strong>Sezione Edito<br \/>\n<\/strong><br \/>\n<strong>1a classificata <\/strong>Amilca Ismael &#8220;<em>La casa dei ricordi<\/em>&#8221;<br \/>\n<strong>2a classificata <\/strong>Mariella\u00a0 Mulas &#8220;<em>Al rumore di risacca l&#8217;onda della vita<\/em>&#8221;<br \/>\n<strong>3a classificata<\/strong> Sara Aguiari &#8220;<em>Un marchio nell&#8217;anima<\/em>&#8220;<\/span><\/span><\/p>\n<p><span style=\"color: #0000ff;\"><span style=\"font-size: x-small;\">PREMIO DELLA GIURIA<\/span><\/span><\/p>\n<p><span style=\"color: #0000ff;\"><span style=\"font-size: x-small;\">Ada Fichera &#8220;<\/span><\/span><span style=\"color: #0000ff;\"><span style=\"font-size: x-small;\"><em>Al di l\u00e0 del silenzio<\/em><\/span><\/span><span style=\"color: #0000ff;\"><span style=\"font-size: x-small;\">&#8221;<br \/>\n<\/span><\/span><span style=\"color: #0000ff;\"><a href=\"http:\/\/www.ennepilibri.it\/scheda.asp?id=682\"><span style=\"color: #000080;\"><span style=\"font-size: x-small;\"><strong>Alda Visconti Tosco \\&#8221;L\\&#8217;ospite molesto\\&#8221;<\/strong><\/span><\/span><\/a><\/span><span style=\"color: #0000ff;\"><span style=\"font-size: x-small;\"><br \/>\nAntonella Senese &#8220;<\/span><\/span><span style=\"color: #0000ff;\"><span style=\"font-size: x-small;\"><em>Un attimo Eterno da rivivere all&#8217;infinito<\/em><\/span><\/span><span style=\"color: #0000ff;\"><span style=\"font-size: x-small;\">&#8221;<br \/>\nAntonia Belvedere &#8220;<\/span><\/span><span style=\"color: #0000ff;\"><span style=\"font-size: x-small;\"><em>L&#8217;aquilone<\/em><\/span><\/span><span style=\"color: #0000ff;\"><span style=\"font-size: x-small;\">&#8221;<br \/>\nBeatrice Gradassa &#8220;<\/span><\/span><span style=\"color: #0000ff;\"><span style=\"font-size: x-small;\"><em>Lievi umane imperfezioni<\/em><\/span><\/span><span style=\"color: #0000ff;\"><span style=\"font-size: x-small;\">&#8221;<br \/>\nBojana Bratic Ivic &#8220;<\/span><\/span><span style=\"color: #0000ff;\"><span style=\"font-size: x-small;\"><em>Voci di donne della ex Jugoslavia<\/em><\/span><\/span><span style=\"color: #0000ff;\"><span style=\"font-size: x-small;\">&#8221;<br \/>\nChiara Del Soldato &#8220;<\/span><\/span><span style=\"color: #0000ff;\"><span style=\"font-size: x-small;\"><em>Non sempre la stessa storia<\/em><\/span><\/span><span style=\"color: #0000ff;\"><span style=\"font-size: x-small;\">&#8221;<br \/>\nChiara Rossi &#8220;<\/span><\/span><span style=\"color: #0000ff;\"><span style=\"font-size: x-small;\"><em>Il genio delle donne<\/em><\/span><\/span><span style=\"color: #0000ff;\"><span style=\"font-size: x-small;\">&#8221;<br \/>\nCarmela Tuccari &#8220;<\/span><\/span><span style=\"color: #0000ff;\"><span style=\"font-size: x-small;\"><em>Fiorite da ceneri di lava<\/em><\/span><\/span><span style=\"color: #0000ff;\"><span style=\"font-size: x-small;\">&#8221;<br \/>\nMaria Teresa Amore &#8220;<\/span><\/span><span style=\"color: #0000ff;\"><span style=\"font-size: x-small;\"><em>Voci dal silenzio<\/em><\/span><\/span><span style=\"color: #0000ff;\"><span style=\"font-size: x-small;\">&#8221;<br \/>\nRosanna Sciacca &#8220;<\/span><\/span><span style=\"color: #0000ff;\"><span style=\"font-size: x-small;\"><em>Le cascine di Adele<\/em><\/span><\/span><span style=\"color: #0000ff;\"><span style=\"font-size: x-small;\">&#8221;<br \/>\nSilvia M. Damiani &#8220;<\/span><\/span><span style=\"color: #0000ff;\"><span style=\"font-size: x-small;\"><em>Le voci di Nike<\/em><\/span><\/span><span style=\"color: #0000ff;\"><span style=\"font-size: x-small;\">&#8221;<br \/>\nPaola Pellegrini &#8220;<\/span><\/span><span style=\"color: #0000ff;\"><span style=\"font-size: x-small;\"><em>Rime vaganti<\/em><\/span><\/span><span style=\"color: #0000ff;\"><span style=\"font-size: x-small;\">&#8221;<br \/>\nKatia Brentani &#8220;<\/span><\/span><span style=\"color: #0000ff;\"><span style=\"font-size: x-small;\"><em>Couscous &amp; Tortellini<\/em><\/span><\/span><span style=\"color: #0000ff;\"><span style=\"font-size: x-small;\">&#8221;<br \/>\nMichela Zanarella &#8220;<\/span><\/span><span style=\"color: #0000ff;\"><span style=\"font-size: x-small;\"><em>Vita &#8211; Infinito &#8211; Paradisi<\/em><\/span><\/span><span style=\"color: #0000ff;\"><span style=\"font-size: x-small;\">&#8221;<br \/>\nMicaela Balice &#8220;<\/span><\/span><span style=\"color: #0000ff;\"><span style=\"font-size: x-small;\"><em>Cenerentiola balla sola<\/em><\/span><\/span><span style=\"color: #0000ff;\"><span style=\"font-size: x-small;\">&#8221;<br \/>\nBruna Mainardi\u00a0 &#8220;<\/span><\/span><span style=\"color: #0000ff;\"><span style=\"font-size: x-small;\"><em>I toni del grigio<\/em><\/span><\/span><span style=\"color: #0000ff;\"><span style=\"font-size: x-small;\">&#8221;<br \/>\nMariella Sudano &#8220;<\/span><\/span><span style=\"color: #0000ff;\"><span style=\"font-size: x-small;\"><em>Azzurro Gusto<\/em><\/span><\/span><span style=\"color: #0000ff;\"><span style=\"font-size: x-small;\">&#8221;<br \/>\nGabriella Rossitto &#8220;<\/span><\/span><span style=\"color: #0000ff;\"><span style=\"font-size: x-small;\"><em>Segrete stanze<\/em><\/span><\/span><span style=\"color: #0000ff;\"><span style=\"font-size: x-small;\">&#8221;<br \/>\nAngela Agnello &#8220;<\/span><\/span><span style=\"color: #0000ff;\"><span style=\"font-size: x-small;\"><em>La bimba invisibile<\/em><\/span><\/span><span style=\"color: #0000ff;\"><span style=\"font-size: x-small;\">&#8221;<br \/>\nDominga Carrubba &#8220;<\/span><\/span><span style=\"color: #0000ff;\"><span style=\"font-size: x-small;\"><em>Cimeli di Organza<\/em><\/span><\/span><span style=\"color: #0000ff;\"><span style=\"font-size: x-small;\">&#8221;<br \/>\nDubravka Silvia Cikron Corbellini\u00a0 &#8220;<\/span><\/span><span style=\"color: #0000ff;\"><span style=\"font-size: x-small;\"><em>7 prove per Clarence<\/em><\/span><\/span><span style=\"color: #0000ff;\"><span style=\"font-size: x-small;\">&#8221; <\/span><\/span><\/p>\n<p><span style=\"color: #0000ff;\"><br \/>\n<\/span><\/p>\n","protected":false},"excerpt":{"rendered":"<p>http:\/\/www.venticinquenovembre.it\/index.htm &#8220;Per guardare avanti&#8221; L&#8217;attesissimo appuntamento, che fin dai mesi scorsi ha visto una pletora di associazioni, artisti e letterati mettersi in prima linea per testimoniare la propria disponibilit\u00e0 a promuovere e partecipare ad un evento di portata planetari e a sostenere e testimoniare il percorso e le problematiche che le donne vittime di violenza &hellip; <a href=\"https:\/\/viscontitoscoalda.com\/index.php\/2010\/12\/01\/donna-semplicemente-donna-e-xxv-giornata-mondiale-contro-la-violenza-alle-donne\/\" class=\"more-link\">Continua a leggere <span class=\"screen-reader-text\">&quot;Donna semplicemente donna&quot; e XXV Giornata Mondiale contro la violenza alle donne<\/span><\/a><\/p>\n","protected":false},"author":2,"featured_media":0,"comment_status":"closed","ping_status":"closed","sticky":false,"template":"","format":"standard","meta":{"footnotes":""},"categories":[5],"tags":[98,120,152,241,250,287,314],"class_list":["post-669","post","type-post","status-publish","format-standard","hentry","category-associazioni-e-forum-di-aiuto-e-dintorni","tag-concorso","tag-donna","tag-giuria","tag-people","tag-premio","tag-sclerosi-multipla","tag-tesi"],"_links":{"self":[{"href":"https:\/\/viscontitoscoalda.com\/index.php\/wp-json\/wp\/v2\/posts\/669","targetHints":{"allow":["GET"]}}],"collection":[{"href":"https:\/\/viscontitoscoalda.com\/index.php\/wp-json\/wp\/v2\/posts"}],"about":[{"href":"https:\/\/viscontitoscoalda.com\/index.php\/wp-json\/wp\/v2\/types\/post"}],"author":[{"embeddable":true,"href":"https:\/\/viscontitoscoalda.com\/index.php\/wp-json\/wp\/v2\/users\/2"}],"replies":[{"embeddable":true,"href":"https:\/\/viscontitoscoalda.com\/index.php\/wp-json\/wp\/v2\/comments?post=669"}],"version-history":[{"count":0,"href":"https:\/\/viscontitoscoalda.com\/index.php\/wp-json\/wp\/v2\/posts\/669\/revisions"}],"wp:attachment":[{"href":"https:\/\/viscontitoscoalda.com\/index.php\/wp-json\/wp\/v2\/media?parent=669"}],"wp:term":[{"taxonomy":"category","embeddable":true,"href":"https:\/\/viscontitoscoalda.com\/index.php\/wp-json\/wp\/v2\/categories?post=669"},{"taxonomy":"post_tag","embeddable":true,"href":"https:\/\/viscontitoscoalda.com\/index.php\/wp-json\/wp\/v2\/tags?post=669"}],"curies":[{"name":"wp","href":"https:\/\/api.w.org\/{rel}","templated":true}]}}